{"id":92,"date":"2020-03-26T15:57:08","date_gmt":"2020-03-26T14:57:08","guid":{"rendered":"https:\/\/nordnorge.com\/bransjenett\/?post_type=artikler&#038;p=92"},"modified":"2025-09-01T13:10:53","modified_gmt":"2025-09-01T11:10:53","slug":"nordnorsk-kinderegg-til-internasjonal-presse","status":"publish","type":"artikler","link":"https:\/\/nordnorge.com\/bransjenett\/artikkel\/nordnorsk-kinderegg-til-internasjonal-presse\/","title":{"rendered":"Nordnorsk kinderegg til internasjonal presse"},"content":{"rendered":"\n\n\n<h2 class=\"wp-block-heading\">Nord-Norske reiselivsoppleveser til internasjonal presse<\/h2>\n\n\n\n<p class=\"has-drop-cap\">Journalister fra Spania, Italia, Nederland, Sverige og Russland hadde et flott program som kombinerte stemning fra sykkelrittet og de mange gode reisleivsopplevelser som Nord-Norge har \u00e5 by p\u00e5 i dagene 13. &#8211; 17. august. De var blandt annet p\u00e5 turer med RIB i Harstad og med&nbsp;kajakk&nbsp;p\u00e5 Senja, de fikk ulvekyss i Polar Park og l\u00e6rte om vikinghistorien og oppleve krigsminner. Og s\u00e5 klart, fikk de mulighet til \u00e5 f\u00f8lge sykkelrittet dag for dag. De hilse p\u00e5 deltakere og fikk oppleve den fantastiske folkefesten langs l\u00f8ypene.<\/p>\n\n\n\n<figure class=\"wp-block-image size-large\"><img loading=\"lazy\" decoding=\"async\" width=\"1024\" height=\"683\" src=\"https:\/\/nordnorge.com\/content\/uploads\/2020\/03\/000903_Roger-Johansen_www.nordnorge.com_-1024x683.jpg\" alt=\"\" class=\"wp-image-7249\" srcset=\"https:\/\/nordnorge.com\/content\/uploads\/2020\/03\/000903_Roger-Johansen_www.nordnorge.com_-1024x683.jpg 1024w, https:\/\/nordnorge.com\/content\/uploads\/2020\/03\/000903_Roger-Johansen_www.nordnorge.com_-300x200.jpg 300w, https:\/\/nordnorge.com\/content\/uploads\/2020\/03\/000903_Roger-Johansen_www.nordnorge.com_-768x512.jpg 768w, https:\/\/nordnorge.com\/content\/uploads\/2020\/03\/000903_Roger-Johansen_www.nordnorge.com_-1536x1024.jpg 1536w, https:\/\/nordnorge.com\/content\/uploads\/2020\/03\/000903_Roger-Johansen_www.nordnorge.com_.jpg 1920w\" sizes=\"auto, (max-width: 1024px) 100vw, 1024px\" \/><figcaption>M\u00f8te med ulv i Polar Park \u00a9 Roger Johansen<\/figcaption><\/figure>\n\n\n\n<p>Enkelte journalister var s\u00e5 ivrig at de kunne ikke vente med \u00e5 skrive om sine opplevelser og leverte daglige reportasjer fra Nord-Norge, som&nbsp;<a href=\"http:\/\/www.ovettodicolombo.it\/2015\/08\/17\/arctic-race-of-norway-finale-a-narvik-il-circuito-duro-e-spettacolare-degno-di-un-campionato-del-mondo-regala-la-vittoria-al-lettone-rein-taaramae\/\">Paolo Colombo fra Italia<\/a>.<\/p>\n\n\n\n<p>N\u00e5 venter vi spent p\u00e5 flere gode presseartikler med fokus p\u00e5 aktivferie i Nord-Norge. Resultatene vil fortl\u00f8pende publiseres her p\u00e5 bransjenettet til Nord-Norsk Reiseliv.<\/p>\n\n\n\n<h2 class=\"wp-block-heading\">Lokalt vertskap<\/h2>\n\n\n\n<p>Presseturen er gjennomf\u00f8rt i tett samarbeid med destinasjonsselskapene og akt\u00f8rene. Deres lokale kunnskap og vertskap er avgj\u00f8rende i slike sammenhenger.&nbsp;<\/p>\n\n\n\n<div class=\"wp-block-vnn-gallery gallery-count-2\"><ul><li class=\"blocks-gallery-item\"><figure><a href=\"https:\/\/nordnorge.com\/content\/uploads\/2020\/03\/005802_Tore-Sch-ning-Olsen_www.nordnorge.com_-1.jpg\" data-size=\"1920x1452\"><img loading=\"lazy\" decoding=\"async\" width=\"1024\" height=\"774\" src=\"https:\/\/nordnorge.com\/content\/uploads\/2020\/03\/005802_Tore-Sch-ning-Olsen_www.nordnorge.com_-1-1024x774.jpg\" alt=\"\" data-id=\"7247\" data-full-url=\"https:\/\/nordnorge.com\/content\/uploads\/2020\/03\/005802_Tore-Sch-ning-Olsen_www.nordnorge.com_-1.jpg\" data-caption=\"\" class=\"wp-image-7247\" srcset=\"https:\/\/nordnorge.com\/content\/uploads\/2020\/03\/005802_Tore-Sch-ning-Olsen_www.nordnorge.com_-1-1024x774.jpg 1024w, https:\/\/nordnorge.com\/content\/uploads\/2020\/03\/005802_Tore-Sch-ning-Olsen_www.nordnorge.com_-1-300x227.jpg 300w, https:\/\/nordnorge.com\/content\/uploads\/2020\/03\/005802_Tore-Sch-ning-Olsen_www.nordnorge.com_-1-768x581.jpg 768w, https:\/\/nordnorge.com\/content\/uploads\/2020\/03\/005802_Tore-Sch-ning-Olsen_www.nordnorge.com_-1-1536x1162.jpg 1536w, https:\/\/nordnorge.com\/content\/uploads\/2020\/03\/005802_Tore-Sch-ning-Olsen_www.nordnorge.com_-1.jpg 1920w\" sizes=\"auto, (max-width: 1024px) 100vw, 1024px\" \/><\/a><\/figure><\/li><li class=\"blocks-gallery-item\"><figure><a href=\"https:\/\/nordnorge.com\/content\/uploads\/2020\/03\/005805_Tore-Sch-ning-Olsen_www.nordnorge.com_-1.jpg\" data-size=\"1920x1272\"><img loading=\"lazy\" decoding=\"async\" width=\"1024\" height=\"678\" src=\"https:\/\/nordnorge.com\/content\/uploads\/2020\/03\/005805_Tore-Sch-ning-Olsen_www.nordnorge.com_-1-1024x678.jpg\" alt=\"\" data-id=\"7248\" data-full-url=\"https:\/\/nordnorge.com\/content\/uploads\/2020\/03\/005805_Tore-Sch-ning-Olsen_www.nordnorge.com_-1.jpg\" data-caption=\"\" class=\"wp-image-7248\" srcset=\"https:\/\/nordnorge.com\/content\/uploads\/2020\/03\/005805_Tore-Sch-ning-Olsen_www.nordnorge.com_-1-1024x678.jpg 1024w, https:\/\/nordnorge.com\/content\/uploads\/2020\/03\/005805_Tore-Sch-ning-Olsen_www.nordnorge.com_-1-300x199.jpg 300w, https:\/\/nordnorge.com\/content\/uploads\/2020\/03\/005805_Tore-Sch-ning-Olsen_www.nordnorge.com_-1-768x509.jpg 768w, https:\/\/nordnorge.com\/content\/uploads\/2020\/03\/005805_Tore-Sch-ning-Olsen_www.nordnorge.com_-1-1536x1018.jpg 1536w, https:\/\/nordnorge.com\/content\/uploads\/2020\/03\/005805_Tore-Sch-ning-Olsen_www.nordnorge.com_-1.jpg 1920w\" sizes=\"auto, (max-width: 1024px) 100vw, 1024px\" \/><\/a><\/figure><\/li><\/ul><\/div>\n\n\n","protected":false},"featured_media":7251,"parent":0,"template":"","meta":{"vnn_header_layout":"featured","vnn_header_layout_image_id":7249,"vnn_header_layout_image_focal_point_x":0.47,"vnn_header_layout_image_focal_point_y":0.59,"vnn_header_layout_description":"","vnn_header_layout_url":"","vnn_header_layout_url_text":"","vnn_header_layout_photographer":"","vnn_header_layout_video_id":"","vnn_header_layout_yt_id":"","vnn_header_layout_vimeo_id":"","footnotes":""},"todo":[],"facilities":[],"season":[],"region":[],"malgrupper":[],"class_list":["post-92","artikler","type-artikler","status-publish","has-post-thumbnail","hentry"],"yoast_head":"<!-- This site is optimized with the Yoast SEO Premium plugin v24.5 (Yoast SEO v25.3.1) - https:\/\/yoast.com\/wordpress\/plugins\/seo\/ -->\n<title>Nordnorsk kinderegg til internasjonal presse - Nordnorsk Reiseliv Bransjenett<\/title>\n<meta name=\"robots\" content=\"noindex, follow, max-snippet:-1, max-image-preview:large, max-video-preview:-1\" \/>\n<meta property=\"og:locale\" content=\"nb_NO\" \/>\n<meta property=\"og:type\" content=\"article\" \/>\n<meta property=\"og:title\" content=\"Nordnorsk kinderegg til internasjonal presse\" \/>\n<meta property=\"og:description\" content=\"Nord-Norske reiselivsoppleveser til internasjonal presse Journalister fra Spania, Italia, Nederland, Sverige og Russland hadde et flott program som kombinerte stemning fra sykkelrittet og de mange gode reisleivsopplevelser som Nord-Norge har \u00e5 by p\u00e5 i dagene 13. &#8211; 17. august. De var blandt annet p\u00e5 turer med RIB i Harstad og med&nbsp;kajakk&nbsp;p\u00e5 Senja, de fikk ulvekyss [&hellip;]\" \/>\n<meta property=\"og:url\" content=\"https:\/\/nordnorge.com\/bransjenett\/artikkel\/nordnorsk-kinderegg-til-internasjonal-presse\/\" \/>\n<meta property=\"og:site_name\" content=\"Nordnorsk Reiseliv Bransjenett\" \/>\n<meta property=\"article:modified_time\" content=\"2025-09-01T11:10:53+00:00\" \/>\n<meta property=\"og:image\" content=\"https:\/\/nordnorge.com\/content\/uploads\/2020\/03\/009917_Christina-Myrland_visitnarvik.com_.jpg\" \/><meta property=\"og:image\" content=\"https:\/\/nordnorge.com\/content\/uploads\/2020\/03\/000903_Roger-Johansen_www.nordnorge.com_-1024x683.jpg\" \/>\n<meta name=\"twitter:card\" content=\"summary_large_image\" \/>\n<meta name=\"twitter:image\" content=\"https:\/\/nordnorge.com\/content\/uploads\/2020\/03\/009917_Christina-Myrland_visitnarvik.com_.jpg\" \/>\n<meta name=\"twitter:label1\" content=\"Ansl. lesetid\" \/>\n\t<meta name=\"twitter:data1\" content=\"1 minutt\" \/>\n<script type=\"application\/ld+json\" class=\"yoast-schema-graph\">{\"@context\":\"https:\/\/schema.org\",\"@graph\":[{\"@type\":\"WebPage\",\"@id\":\"https:\/\/nordnorge.com\/bransjenett\/artikkel\/nordnorsk-kinderegg-til-internasjonal-presse\/\",\"url\":\"https:\/\/nordnorge.com\/bransjenett\/artikkel\/nordnorsk-kinderegg-til-internasjonal-presse\/\",\"name\":\"Nordnorsk kinderegg til internasjonal presse - Nordnorsk Reiseliv Bransjenett\",\"isPartOf\":{\"@id\":\"https:\/\/nordnorge.com\/bransjenett\/#website\"},\"primaryImageOfPage\":{\"@id\":\"https:\/\/nordnorge.com\/bransjenett\/artikkel\/nordnorsk-kinderegg-til-internasjonal-presse\/#primaryimage\"},\"image\":{\"@id\":\"https:\/\/nordnorge.com\/bransjenett\/artikkel\/nordnorsk-kinderegg-til-internasjonal-presse\/#primaryimage\"},\"thumbnailUrl\":\"https:\/\/nordnorge.com\/content\/uploads\/2020\/03\/009917_Christina-Myrland_visitnarvik.com_.jpg\",\"datePublished\":\"2020-03-26T14:57:08+00:00\",\"dateModified\":\"2025-09-01T11:10:53+00:00\",\"breadcrumb\":{\"@id\":\"https:\/\/nordnorge.com\/bransjenett\/artikkel\/nordnorsk-kinderegg-til-internasjonal-presse\/#breadcrumb\"},\"inLanguage\":\"nb-NO\",\"potentialAction\":[{\"@type\":\"ReadAction\",\"target\":[\"https:\/\/nordnorge.com\/bransjenett\/artikkel\/nordnorsk-kinderegg-til-internasjonal-presse\/\"]}]},{\"@type\":\"ImageObject\",\"inLanguage\":\"nb-NO\",\"@id\":\"https:\/\/nordnorge.com\/bransjenett\/artikkel\/nordnorsk-kinderegg-til-internasjonal-presse\/#primaryimage\",\"url\":\"https:\/\/nordnorge.com\/content\/uploads\/2020\/03\/009917_Christina-Myrland_visitnarvik.com_.jpg\",\"contentUrl\":\"https:\/\/nordnorge.com\/content\/uploads\/2020\/03\/009917_Christina-Myrland_visitnarvik.com_.jpg\"},{\"@type\":\"BreadcrumbList\",\"@id\":\"https:\/\/nordnorge.com\/bransjenett\/artikkel\/nordnorsk-kinderegg-til-internasjonal-presse\/#breadcrumb\",\"itemListElement\":[{\"@type\":\"ListItem\",\"position\":1,\"name\":\"Home\",\"item\":\"https:\/\/nordnorge.com\/bransjenett\/\"},{\"@type\":\"ListItem\",\"position\":2,\"name\":\"Nordnorsk kinderegg til internasjonal presse\"}]},{\"@type\":\"WebSite\",\"@id\":\"https:\/\/nordnorge.com\/bransjenett\/#website\",\"url\":\"https:\/\/nordnorge.com\/bransjenett\/\",\"name\":\"Nordnorsk Reiseliv Bransjenett\",\"description\":\"Bare enda et Visit Nord-Norge Sites-nettsted\",\"publisher\":{\"@id\":\"https:\/\/nordnorge.com\/bransjenett\/#organization\"},\"potentialAction\":[{\"@type\":\"SearchAction\",\"target\":{\"@type\":\"EntryPoint\",\"urlTemplate\":\"https:\/\/nordnorge.com\/bransjenett\/?s={search_term_string}\"},\"query-input\":{\"@type\":\"PropertyValueSpecification\",\"valueRequired\":true,\"valueName\":\"search_term_string\"}}],\"inLanguage\":\"nb-NO\"},{\"@type\":\"Organization\",\"@id\":\"https:\/\/nordnorge.com\/bransjenett\/#organization\",\"name\":\"Nordnorsk Reiseliv Bransjenett\",\"url\":\"https:\/\/nordnorge.com\/bransjenett\/\",\"logo\":{\"@type\":\"ImageObject\",\"inLanguage\":\"nb-NO\",\"@id\":\"https:\/\/nordnorge.com\/bransjenett\/#\/schema\/logo\/image\/\",\"url\":\"https:\/\/nordnorge.com\/content\/uploads\/2020\/03\/logo_mainsite.png\",\"contentUrl\":\"https:\/\/nordnorge.com\/content\/uploads\/2020\/03\/logo_mainsite.png\",\"caption\":\"Nordnorsk Reiseliv Bransjenett\"},\"image\":{\"@id\":\"https:\/\/nordnorge.com\/bransjenett\/#\/schema\/logo\/image\/\"}}]}<\/script>\n<!-- \/ Yoast SEO Premium plugin. -->","yoast_head_json":{"title":"Nordnorsk kinderegg til internasjonal presse - Nordnorsk Reiseliv Bransjenett","robots":{"index":"noindex","follow":"follow","max-snippet":"max-snippet:-1","max-image-preview":"max-image-preview:large","max-video-preview":"max-video-preview:-1"},"og_locale":"nb_NO","og_type":"article","og_title":"Nordnorsk kinderegg til internasjonal presse","og_description":"Nord-Norske reiselivsoppleveser til internasjonal presse Journalister fra Spania, Italia, Nederland, Sverige og Russland hadde et flott program som kombinerte stemning fra sykkelrittet og de mange gode reisleivsopplevelser som Nord-Norge har \u00e5 by p\u00e5 i dagene 13. &#8211; 17. august. De var blandt annet p\u00e5 turer med RIB i Harstad og med&nbsp;kajakk&nbsp;p\u00e5 Senja, de fikk ulvekyss [&hellip;]","og_url":"https:\/\/nordnorge.com\/bransjenett\/artikkel\/nordnorsk-kinderegg-til-internasjonal-presse\/","og_site_name":"Nordnorsk Reiseliv Bransjenett","article_modified_time":"2025-09-01T11:10:53+00:00","og_image":[{"url":"https:\/\/nordnorge.com\/content\/uploads\/2020\/03\/009917_Christina-Myrland_visitnarvik.com_.jpg","type":"","width":"","height":""},{"url":"https:\/\/nordnorge.com\/content\/uploads\/2020\/03\/000903_Roger-Johansen_www.nordnorge.com_-1024x683.jpg","type":"","width":"","height":""}],"twitter_card":"summary_large_image","twitter_image":"https:\/\/nordnorge.com\/content\/uploads\/2020\/03\/009917_Christina-Myrland_visitnarvik.com_.jpg","twitter_misc":{"Ansl. lesetid":"1 minutt"},"schema":{"@context":"https:\/\/schema.org","@graph":[{"@type":"WebPage","@id":"https:\/\/nordnorge.com\/bransjenett\/artikkel\/nordnorsk-kinderegg-til-internasjonal-presse\/","url":"https:\/\/nordnorge.com\/bransjenett\/artikkel\/nordnorsk-kinderegg-til-internasjonal-presse\/","name":"Nordnorsk kinderegg til internasjonal presse - Nordnorsk Reiseliv Bransjenett","isPartOf":{"@id":"https:\/\/nordnorge.com\/bransjenett\/#website"},"primaryImageOfPage":{"@id":"https:\/\/nordnorge.com\/bransjenett\/artikkel\/nordnorsk-kinderegg-til-internasjonal-presse\/#primaryimage"},"image":{"@id":"https:\/\/nordnorge.com\/bransjenett\/artikkel\/nordnorsk-kinderegg-til-internasjonal-presse\/#primaryimage"},"thumbnailUrl":"https:\/\/nordnorge.com\/content\/uploads\/2020\/03\/009917_Christina-Myrland_visitnarvik.com_.jpg","datePublished":"2020-03-26T14:57:08+00:00","dateModified":"2025-09-01T11:10:53+00:00","breadcrumb":{"@id":"https:\/\/nordnorge.com\/bransjenett\/artikkel\/nordnorsk-kinderegg-til-internasjonal-presse\/#breadcrumb"},"inLanguage":"nb-NO","potentialAction":[{"@type":"ReadAction","target":["https:\/\/nordnorge.com\/bransjenett\/artikkel\/nordnorsk-kinderegg-til-internasjonal-presse\/"]}]},{"@type":"ImageObject","inLanguage":"nb-NO","@id":"https:\/\/nordnorge.com\/bransjenett\/artikkel\/nordnorsk-kinderegg-til-internasjonal-presse\/#primaryimage","url":"https:\/\/nordnorge.com\/content\/uploads\/2020\/03\/009917_Christina-Myrland_visitnarvik.com_.jpg","contentUrl":"https:\/\/nordnorge.com\/content\/uploads\/2020\/03\/009917_Christina-Myrland_visitnarvik.com_.jpg"},{"@type":"BreadcrumbList","@id":"https:\/\/nordnorge.com\/bransjenett\/artikkel\/nordnorsk-kinderegg-til-internasjonal-presse\/#breadcrumb","itemListElement":[{"@type":"ListItem","position":1,"name":"Home","item":"https:\/\/nordnorge.com\/bransjenett\/"},{"@type":"ListItem","position":2,"name":"Nordnorsk kinderegg til internasjonal presse"}]},{"@type":"WebSite","@id":"https:\/\/nordnorge.com\/bransjenett\/#website","url":"https:\/\/nordnorge.com\/bransjenett\/","name":"Nordnorsk Reiseliv Bransjenett","description":"Bare enda et Visit Nord-Norge Sites-nettsted","publisher":{"@id":"https:\/\/nordnorge.com\/bransjenett\/#organization"},"potentialAction":[{"@type":"SearchAction","target":{"@type":"EntryPoint","urlTemplate":"https:\/\/nordnorge.com\/bransjenett\/?s={search_term_string}"},"query-input":{"@type":"PropertyValueSpecification","valueRequired":true,"valueName":"search_term_string"}}],"inLanguage":"nb-NO"},{"@type":"Organization","@id":"https:\/\/nordnorge.com\/bransjenett\/#organization","name":"Nordnorsk Reiseliv Bransjenett","url":"https:\/\/nordnorge.com\/bransjenett\/","logo":{"@type":"ImageObject","inLanguage":"nb-NO","@id":"https:\/\/nordnorge.com\/bransjenett\/#\/schema\/logo\/image\/","url":"https:\/\/nordnorge.com\/content\/uploads\/2020\/03\/logo_mainsite.png","contentUrl":"https:\/\/nordnorge.com\/content\/uploads\/2020\/03\/logo_mainsite.png","caption":"Nordnorsk Reiseliv Bransjenett"},"image":{"@id":"https:\/\/nordnorge.com\/bransjenett\/#\/schema\/logo\/image\/"}}]}},"_links":{"self":[{"href":"https:\/\/nordnorge.com\/bransjenett\/wp-json\/wp\/v2\/artikler\/92","targetHints":{"allow":["GET"]}}],"collection":[{"href":"https:\/\/nordnorge.com\/bransjenett\/wp-json\/wp\/v2\/artikler"}],"about":[{"href":"https:\/\/nordnorge.com\/bransjenett\/wp-json\/wp\/v2\/types\/artikler"}],"version-history":[{"count":5,"href":"https:\/\/nordnorge.com\/bransjenett\/wp-json\/wp\/v2\/artikler\/92\/revisions"}],"predecessor-version":[{"id":280,"href":"https:\/\/nordnorge.com\/bransjenett\/wp-json\/wp\/v2\/artikler\/92\/revisions\/280"}],"wp:featuredmedia":[{"embeddable":true,"href":"https:\/\/nordnorge.com\/bransjenett\/wp-json\/"}],"wp:attachment":[{"href":"https:\/\/nordnorge.com\/bransjenett\/wp-json\/wp\/v2\/media?parent=92"}],"wp:term":[{"taxonomy":"todo","embeddable":true,"href":"https:\/\/nordnorge.com\/bransjenett\/wp-json\/wp\/v2\/todo?post=92"},{"taxonomy":"facilities","embeddable":true,"href":"https:\/\/nordnorge.com\/bransjenett\/wp-json\/wp\/v2\/facilities?post=92"},{"taxonomy":"season","embeddable":true,"href":"https:\/\/nordnorge.com\/bransjenett\/wp-json\/wp\/v2\/season?post=92"},{"taxonomy":"region","embeddable":true,"href":"https:\/\/nordnorge.com\/bransjenett\/wp-json\/wp\/v2\/region?post=92"},{"taxonomy":"malgrupper","embeddable":true,"href":"https:\/\/nordnorge.com\/bransjenett\/wp-json\/wp\/v2\/malgrupper?post=92"}],"curies":[{"name":"wp","href":"https:\/\/api.w.org\/{rel}","templated":true}]}}